{"id":9949,"date":"2020-08-28T12:13:26","date_gmt":"2020-08-28T12:13:26","guid":{"rendered":"https:\/\/wifi.se\/?p=9949"},"modified":"2025-04-09T00:12:31","modified_gmt":"2025-04-08T22:12:31","slug":"the-elmia-fair-in-jonkoping-has-been-canceled","status":"publish","type":"post","link":"https:\/\/wifi.se\/fr\/blog\/2020\/08\/28\/the-elmia-fair-in-jonkoping-has-been-canceled\/","title":{"rendered":"La foire Elmia \u00e0 J\u00f6nk\u00f6ping a \u00e9t\u00e9 annul\u00e9e."},"content":{"rendered":"<p>Le salon Elmia de J\u00f6nk\u00f6ping 2020 a \u00e9t\u00e9 annul\u00e9 en raison de la pand\u00e9mie de Covid-19. Les organisateurs ont d\u00e9clar\u00e9\u00a0:<\/p>\n<p>\u00ab\u00a0La sant\u00e9 et la s\u00e9curit\u00e9 ont toujours \u00e9t\u00e9 la priorit\u00e9 absolue d&#8217;Elmia, tant pour nos exposants, nos visiteurs que pour nos employ\u00e9s. Le 11\u00a0mars, l&#8217;OMS a qualifi\u00e9 la COVID-19 de pand\u00e9mie. L&#8217;Agence su\u00e9doise de sant\u00e9 publique estime actuellement que le risque de transmission g\u00e9n\u00e9ralis\u00e9e en Su\u00e8de est tr\u00e8s \u00e9lev\u00e9. \u00c0 la demande des autorit\u00e9s, le gouvernement su\u00e9dois a d\u00e9cid\u00e9, le 27\u00a0mars, d&#8217;interdire les rassemblements de plus de 50\u00a0personnes en Su\u00e8de. Elmia suit cette d\u00e9cision.\u00bb<\/p>\n<p>En cons\u00e9quence, le salon Elmia Husvagn Husbil de J\u00f6nk\u00f6ping a \u00e9t\u00e9 report\u00e9. Apr\u00e8s m\u00fbre r\u00e9flexion et concertation avec l&#8217;Association su\u00e9doise de l&#8217;industrie du caravaning et nos partenaires du Caravan Club of Sweden, ainsi qu&#8217;avec divers exposants et visiteurs, le prochain salon Elmia Husvagn Husbil se tiendra du 8 au 12 septembre 2021. Pour plus d&#8217;informations, consultez le <a href=\"https:\/\/www.elmia.se\/husvagn\" target=\"_new\" rel=\"noopener\">site web officiel d&#8217;Elmia<\/a>.<\/p>\n<p>Afin de pr\u00e9venir la propagation du virus, Elmia a mis en place les mesures suivantes\u00a0:<\/p>\n<ul>\n<li>Pr\u00e9sentation et consignes de pr\u00e9vention g\u00e9n\u00e9rales.<\/li>\n<li>Consignes pour un lavage des mains s\u00fbr et l&#8217;utilisation de gel hydroalcoolique dans nos toilettes.<\/li>\n<li>Dispositifs hydroalcooliques aux guichets d&#8217;information et autres points de vente dans les b\u00e2timents.<\/li>\n<li>Nettoyage plus fr\u00e9quent des espaces publics.<\/li>\n<\/ul>\n<p>Elmia est le plus grand salon du caravaning et du camping-car des pays nordiques, o\u00f9 se r\u00e9unissent la quasi-totalit\u00e9 des acteurs du secteur. Ici, les visiteurs peuvent tester, toucher et comparer toutes les marques du secteur et les mod\u00e8les de l&#8217;ann\u00e9e prochaine. C&#8217;est un lieu de rencontre, d&#8217;inspiration, de d\u00e9couverte de produits et d&#8217;innovations, et de loisirs pour toute la famille. Le soir, Oktoberfest, soir\u00e9es dansantes, cin\u00e9ma et bien plus encore vous attendent. C&#8217;est le lieu id\u00e9al pour tous ceux qui aiment bouger.<\/p>\n<p>Nombreux sont ceux qui se demandent quelles sont les alternatives maintenant que la foire Elmia de J\u00f6nk\u00f6ping a \u00e9t\u00e9 annul\u00e9e. \u00ab Les grands salons n\u00e9cessitent une longue planification, ce qui ne nous laisse malheureusement pas d&#8217;autres options \u00bb, explique Lotta Frenssen, PDG d&#8217;Elmia, au J\u00f6nk\u00f6pingsposten.<\/p>\n<p>Elle poursuit en affirmant que l&#8217;on esp\u00e9rait un assouplissement des restrictions d&#8217;ici septembre, date pr\u00e9vue pour la foire Husvagn Husbil. Cependant, les organisateurs doivent maintenant confirmer que cela ne sera pas possible non plus. Pour plus d&#8217;informations, consultez le site <a href=\"https:\/\/www.jp.se\/artikel\/husvagnsmassan-i-september-stalls-in\" target=\"_new\" rel=\"noopener\">J\u00f6nk\u00f6pingsposten<\/a>.<\/p>\n<p>Cependant, cela ne signifie pas que les gens ne se rencontreront pas. Nombreux sont ceux qui organiseront leurs propres \u00e9v\u00e9nements pour leurs clients r\u00e9guliers et autres personnes int\u00e9ress\u00e9es. Consultez les sites web respectifs. Et nous attendons avec impatience le salon Elmia Husvagn Husbil \u00e0 J\u00f6nk\u00f6ping 2021\u00a0!<\/p>\n","protected":false},"excerpt":{"rendered":"<p>Le salon Elmia de J\u00f6nk\u00f6ping 2020 a \u00e9t\u00e9 annul\u00e9 en raison de la pand\u00e9mie de Covid-19. Les organisateurs ont d\u00e9clar\u00e9\u00a0: \u00ab\u00a0La sant\u00e9 et la s\u00e9curit\u00e9 ont toujours \u00e9t\u00e9 la priorit\u00e9 absolue d&#8217;Elmia, tant pour nos exposants, nos visiteurs que pour nos employ\u00e9s. Le 11\u00a0mars, l&#8217;OMS a qualifi\u00e9 la COVID-19 de pand\u00e9mie. L&#8217;Agence su\u00e9doise de sant\u00e9 [&#8230;]\n","protected":false},"author":1,"featured_media":9950,"comment_status":"open","ping_status":"open","sticky":false,"template":"","format":"standard","meta":{"_acf_changed":false,"footnotes":""},"categories":[86],"tags":[134,209,88,92,90],"class_list":["post-9949","post","type-post","status-publish","format-standard","has-post-thumbnail","hentry","category-news","tag-4g-router","tag-elmia","tag-internet","tag-sweden","tag-wifi"],"acf":[],"yoast_head":"<!-- This site is optimized with the Yoast SEO plugin v27.1.1 - https:\/\/yoast.com\/product\/yoast-seo-wordpress\/ -->\n<title>The Elmia fair in J\u00f6nk\u00f6ping has been canceled.<\/title>\n<meta name=\"description\" content=\"The Elmia fair in J\u00f6nk\u00f6ping for 2020 has been canceled due to Covid-19. As a result, Elmia Husvagn Husbil 2020 in J\u00f6nk\u00f6ping has been postponed.\" \/>\n<meta name=\"robots\" content=\"index, follow, max-snippet:-1, max-image-preview:large, max-video-preview:-1\" \/>\n<link rel=\"canonical\" href=\"https:\/\/wifi.se\/fr\/blog\/2020\/08\/28\/the-elmia-fair-in-jonkoping-has-been-canceled\/\" \/>\n<meta property=\"og:locale\" content=\"fr_FR\" \/>\n<meta property=\"og:type\" content=\"article\" \/>\n<meta property=\"og:title\" content=\"The Elmia fair in J\u00f6nk\u00f6ping has been canceled.\" \/>\n<meta property=\"og:description\" content=\"The Elmia fair in J\u00f6nk\u00f6ping for 2020 has been canceled due to Covid-19. As a result, Elmia Husvagn Husbil 2020 in J\u00f6nk\u00f6ping has been postponed.\" \/>\n<meta property=\"og:url\" content=\"https:\/\/wifi.se\/fr\/blog\/2020\/08\/28\/the-elmia-fair-in-jonkoping-has-been-canceled\/\" \/>\n<meta property=\"og:site_name\" content=\"WIFI.SE\/FR\" \/>\n<meta property=\"article:published_time\" content=\"2020-08-28T12:13:26+00:00\" \/>\n<meta property=\"article:modified_time\" content=\"2025-04-08T22:12:31+00:00\" \/>\n<meta property=\"og:image\" content=\"https:\/\/wifi.se\/fr\/wp-content\/uploads\/sites\/8\/2020\/08\/Elmiamassan.jpg\" \/>\n\t<meta property=\"og:image:width\" content=\"1920\" \/>\n\t<meta property=\"og:image:height\" content=\"1080\" \/>\n\t<meta property=\"og:image:type\" content=\"image\/jpeg\" \/>\n<meta name=\"author\" content=\"Wifi.se\" \/>\n<meta name=\"twitter:card\" content=\"summary_large_image\" \/>\n<meta name=\"twitter:label1\" content=\"\u00c9crit par\" \/>\n\t<meta name=\"twitter:data1\" content=\"Wifi.se\" \/>\n\t<meta name=\"twitter:label2\" content=\"Dur\u00e9e de lecture estim\u00e9e\" \/>\n\t<meta name=\"twitter:data2\" content=\"3 minutes\" \/>\n<script type=\"application\/ld+json\" class=\"yoast-schema-graph\">{\"@context\":\"https:\/\/schema.org\",\"@graph\":[{\"@type\":\"Article\",\"@id\":\"https:\/\/wifi.se\/fr\/blog\/2020\/08\/28\/the-elmia-fair-in-jonkoping-has-been-canceled\/#article\",\"isPartOf\":{\"@id\":\"https:\/\/wifi.se\/fr\/blog\/2020\/08\/28\/the-elmia-fair-in-jonkoping-has-been-canceled\/\"},\"author\":{\"name\":\"Wifi.se\",\"@id\":\"https:\/\/wifi.se\/fr\/#\/schema\/person\/195cf8b50a64ee451002f5c6dec42a8d\"},\"headline\":\"La foire Elmia \u00e0 J\u00f6nk\u00f6ping a \u00e9t\u00e9 annul\u00e9e.\",\"datePublished\":\"2020-08-28T12:13:26+00:00\",\"dateModified\":\"2025-04-08T22:12:31+00:00\",\"mainEntityOfPage\":{\"@id\":\"https:\/\/wifi.se\/fr\/blog\/2020\/08\/28\/the-elmia-fair-in-jonkoping-has-been-canceled\/\"},\"wordCount\":503,\"commentCount\":0,\"image\":{\"@id\":\"https:\/\/wifi.se\/fr\/blog\/2020\/08\/28\/the-elmia-fair-in-jonkoping-has-been-canceled\/#primaryimage\"},\"thumbnailUrl\":\"https:\/\/wifi.se\/fr\/wp-content\/uploads\/sites\/8\/2020\/08\/Elmiamassan.jpg\",\"keywords\":[\"4G Router\",\"Elmia\",\"Internet\",\"Sweden\",\"Wifi\"],\"articleSection\":[\"Nouvelles\"],\"inLanguage\":\"fr-FR\",\"potentialAction\":[{\"@type\":\"CommentAction\",\"name\":\"Comment\",\"target\":[\"https:\/\/wifi.se\/fr\/blog\/2020\/08\/28\/the-elmia-fair-in-jonkoping-has-been-canceled\/#respond\"]}]},{\"@type\":\"WebPage\",\"@id\":\"https:\/\/wifi.se\/fr\/blog\/2020\/08\/28\/the-elmia-fair-in-jonkoping-has-been-canceled\/\",\"url\":\"https:\/\/wifi.se\/fr\/blog\/2020\/08\/28\/the-elmia-fair-in-jonkoping-has-been-canceled\/\",\"name\":\"The Elmia fair in J\u00f6nk\u00f6ping has been canceled.\",\"isPartOf\":{\"@id\":\"https:\/\/wifi.se\/fr\/#website\"},\"primaryImageOfPage\":{\"@id\":\"https:\/\/wifi.se\/fr\/blog\/2020\/08\/28\/the-elmia-fair-in-jonkoping-has-been-canceled\/#primaryimage\"},\"image\":{\"@id\":\"https:\/\/wifi.se\/fr\/blog\/2020\/08\/28\/the-elmia-fair-in-jonkoping-has-been-canceled\/#primaryimage\"},\"thumbnailUrl\":\"https:\/\/wifi.se\/fr\/wp-content\/uploads\/sites\/8\/2020\/08\/Elmiamassan.jpg\",\"datePublished\":\"2020-08-28T12:13:26+00:00\",\"dateModified\":\"2025-04-08T22:12:31+00:00\",\"author\":{\"@id\":\"https:\/\/wifi.se\/fr\/#\/schema\/person\/195cf8b50a64ee451002f5c6dec42a8d\"},\"description\":\"The Elmia fair in J\u00f6nk\u00f6ping for 2020 has been canceled due to Covid-19. As a result, Elmia Husvagn Husbil 2020 in J\u00f6nk\u00f6ping has been postponed.\",\"breadcrumb\":{\"@id\":\"https:\/\/wifi.se\/fr\/blog\/2020\/08\/28\/the-elmia-fair-in-jonkoping-has-been-canceled\/#breadcrumb\"},\"inLanguage\":\"fr-FR\",\"potentialAction\":[{\"@type\":\"ReadAction\",\"target\":[\"https:\/\/wifi.se\/fr\/blog\/2020\/08\/28\/the-elmia-fair-in-jonkoping-has-been-canceled\/\"]}]},{\"@type\":\"ImageObject\",\"inLanguage\":\"fr-FR\",\"@id\":\"https:\/\/wifi.se\/fr\/blog\/2020\/08\/28\/the-elmia-fair-in-jonkoping-has-been-canceled\/#primaryimage\",\"url\":\"https:\/\/wifi.se\/fr\/wp-content\/uploads\/sites\/8\/2020\/08\/Elmiamassan.jpg\",\"contentUrl\":\"https:\/\/wifi.se\/fr\/wp-content\/uploads\/sites\/8\/2020\/08\/Elmiamassan.jpg\",\"width\":1920,\"height\":1080},{\"@type\":\"BreadcrumbList\",\"@id\":\"https:\/\/wifi.se\/fr\/blog\/2020\/08\/28\/the-elmia-fair-in-jonkoping-has-been-canceled\/#breadcrumb\",\"itemListElement\":[{\"@type\":\"ListItem\",\"position\":1,\"name\":\"Hem\",\"item\":\"https:\/\/wifi.se\/fr\/\"},{\"@type\":\"ListItem\",\"position\":2,\"name\":\"La foire Elmia \u00e0 J\u00f6nk\u00f6ping a \u00e9t\u00e9 annul\u00e9e.\"}]},{\"@type\":\"WebSite\",\"@id\":\"https:\/\/wifi.se\/fr\/#website\",\"url\":\"https:\/\/wifi.se\/fr\/\",\"name\":\"WIFI.SE\/FR\",\"description\":\"INTERNET PARTOUT\",\"potentialAction\":[{\"@type\":\"SearchAction\",\"target\":{\"@type\":\"EntryPoint\",\"urlTemplate\":\"https:\/\/wifi.se\/fr\/?s={search_term_string}\"},\"query-input\":{\"@type\":\"PropertyValueSpecification\",\"valueRequired\":true,\"valueName\":\"search_term_string\"}}],\"inLanguage\":\"fr-FR\"},{\"@type\":\"Person\",\"@id\":\"https:\/\/wifi.se\/fr\/#\/schema\/person\/195cf8b50a64ee451002f5c6dec42a8d\",\"name\":\"Wifi.se\",\"url\":\"https:\/\/wifi.se\/fr\/blog\/author\/rhp7l\/\"}]}<\/script>\n<!-- \/ Yoast SEO plugin. -->","yoast_head_json":{"title":"The Elmia fair in J\u00f6nk\u00f6ping has been canceled.","description":"The Elmia fair in J\u00f6nk\u00f6ping for 2020 has been canceled due to Covid-19. As a result, Elmia Husvagn Husbil 2020 in J\u00f6nk\u00f6ping has been postponed.","robots":{"index":"index","follow":"follow","max-snippet":"max-snippet:-1","max-image-preview":"max-image-preview:large","max-video-preview":"max-video-preview:-1"},"canonical":"https:\/\/wifi.se\/fr\/blog\/2020\/08\/28\/the-elmia-fair-in-jonkoping-has-been-canceled\/","og_locale":"fr_FR","og_type":"article","og_title":"The Elmia fair in J\u00f6nk\u00f6ping has been canceled.","og_description":"The Elmia fair in J\u00f6nk\u00f6ping for 2020 has been canceled due to Covid-19. As a result, Elmia Husvagn Husbil 2020 in J\u00f6nk\u00f6ping has been postponed.","og_url":"https:\/\/wifi.se\/fr\/blog\/2020\/08\/28\/the-elmia-fair-in-jonkoping-has-been-canceled\/","og_site_name":"WIFI.SE\/FR","article_published_time":"2020-08-28T12:13:26+00:00","article_modified_time":"2025-04-08T22:12:31+00:00","og_image":[{"width":1920,"height":1080,"url":"https:\/\/wifi.se\/fr\/wp-content\/uploads\/sites\/8\/2020\/08\/Elmiamassan.jpg","type":"image\/jpeg"}],"author":"Wifi.se","twitter_card":"summary_large_image","twitter_misc":{"\u00c9crit par":"Wifi.se","Dur\u00e9e de lecture estim\u00e9e":"3 minutes"},"schema":{"@context":"https:\/\/schema.org","@graph":[{"@type":"Article","@id":"https:\/\/wifi.se\/fr\/blog\/2020\/08\/28\/the-elmia-fair-in-jonkoping-has-been-canceled\/#article","isPartOf":{"@id":"https:\/\/wifi.se\/fr\/blog\/2020\/08\/28\/the-elmia-fair-in-jonkoping-has-been-canceled\/"},"author":{"name":"Wifi.se","@id":"https:\/\/wifi.se\/fr\/#\/schema\/person\/195cf8b50a64ee451002f5c6dec42a8d"},"headline":"La foire Elmia \u00e0 J\u00f6nk\u00f6ping a \u00e9t\u00e9 annul\u00e9e.","datePublished":"2020-08-28T12:13:26+00:00","dateModified":"2025-04-08T22:12:31+00:00","mainEntityOfPage":{"@id":"https:\/\/wifi.se\/fr\/blog\/2020\/08\/28\/the-elmia-fair-in-jonkoping-has-been-canceled\/"},"wordCount":503,"commentCount":0,"image":{"@id":"https:\/\/wifi.se\/fr\/blog\/2020\/08\/28\/the-elmia-fair-in-jonkoping-has-been-canceled\/#primaryimage"},"thumbnailUrl":"https:\/\/wifi.se\/fr\/wp-content\/uploads\/sites\/8\/2020\/08\/Elmiamassan.jpg","keywords":["4G Router","Elmia","Internet","Sweden","Wifi"],"articleSection":["Nouvelles"],"inLanguage":"fr-FR","potentialAction":[{"@type":"CommentAction","name":"Comment","target":["https:\/\/wifi.se\/fr\/blog\/2020\/08\/28\/the-elmia-fair-in-jonkoping-has-been-canceled\/#respond"]}]},{"@type":"WebPage","@id":"https:\/\/wifi.se\/fr\/blog\/2020\/08\/28\/the-elmia-fair-in-jonkoping-has-been-canceled\/","url":"https:\/\/wifi.se\/fr\/blog\/2020\/08\/28\/the-elmia-fair-in-jonkoping-has-been-canceled\/","name":"The Elmia fair in J\u00f6nk\u00f6ping has been canceled.","isPartOf":{"@id":"https:\/\/wifi.se\/fr\/#website"},"primaryImageOfPage":{"@id":"https:\/\/wifi.se\/fr\/blog\/2020\/08\/28\/the-elmia-fair-in-jonkoping-has-been-canceled\/#primaryimage"},"image":{"@id":"https:\/\/wifi.se\/fr\/blog\/2020\/08\/28\/the-elmia-fair-in-jonkoping-has-been-canceled\/#primaryimage"},"thumbnailUrl":"https:\/\/wifi.se\/fr\/wp-content\/uploads\/sites\/8\/2020\/08\/Elmiamassan.jpg","datePublished":"2020-08-28T12:13:26+00:00","dateModified":"2025-04-08T22:12:31+00:00","author":{"@id":"https:\/\/wifi.se\/fr\/#\/schema\/person\/195cf8b50a64ee451002f5c6dec42a8d"},"description":"The Elmia fair in J\u00f6nk\u00f6ping for 2020 has been canceled due to Covid-19. As a result, Elmia Husvagn Husbil 2020 in J\u00f6nk\u00f6ping has been postponed.","breadcrumb":{"@id":"https:\/\/wifi.se\/fr\/blog\/2020\/08\/28\/the-elmia-fair-in-jonkoping-has-been-canceled\/#breadcrumb"},"inLanguage":"fr-FR","potentialAction":[{"@type":"ReadAction","target":["https:\/\/wifi.se\/fr\/blog\/2020\/08\/28\/the-elmia-fair-in-jonkoping-has-been-canceled\/"]}]},{"@type":"ImageObject","inLanguage":"fr-FR","@id":"https:\/\/wifi.se\/fr\/blog\/2020\/08\/28\/the-elmia-fair-in-jonkoping-has-been-canceled\/#primaryimage","url":"https:\/\/wifi.se\/fr\/wp-content\/uploads\/sites\/8\/2020\/08\/Elmiamassan.jpg","contentUrl":"https:\/\/wifi.se\/fr\/wp-content\/uploads\/sites\/8\/2020\/08\/Elmiamassan.jpg","width":1920,"height":1080},{"@type":"BreadcrumbList","@id":"https:\/\/wifi.se\/fr\/blog\/2020\/08\/28\/the-elmia-fair-in-jonkoping-has-been-canceled\/#breadcrumb","itemListElement":[{"@type":"ListItem","position":1,"name":"Hem","item":"https:\/\/wifi.se\/fr\/"},{"@type":"ListItem","position":2,"name":"La foire Elmia \u00e0 J\u00f6nk\u00f6ping a \u00e9t\u00e9 annul\u00e9e."}]},{"@type":"WebSite","@id":"https:\/\/wifi.se\/fr\/#website","url":"https:\/\/wifi.se\/fr\/","name":"WIFI.SE\/FR","description":"INTERNET PARTOUT","potentialAction":[{"@type":"SearchAction","target":{"@type":"EntryPoint","urlTemplate":"https:\/\/wifi.se\/fr\/?s={search_term_string}"},"query-input":{"@type":"PropertyValueSpecification","valueRequired":true,"valueName":"search_term_string"}}],"inLanguage":"fr-FR"},{"@type":"Person","@id":"https:\/\/wifi.se\/fr\/#\/schema\/person\/195cf8b50a64ee451002f5c6dec42a8d","name":"Wifi.se","url":"https:\/\/wifi.se\/fr\/blog\/author\/rhp7l\/"}]}},"_links":{"self":[{"href":"https:\/\/wifi.se\/fr\/wp-json\/wp\/v2\/posts\/9949","targetHints":{"allow":["GET"]}}],"collection":[{"href":"https:\/\/wifi.se\/fr\/wp-json\/wp\/v2\/posts"}],"about":[{"href":"https:\/\/wifi.se\/fr\/wp-json\/wp\/v2\/types\/post"}],"author":[{"embeddable":true,"href":"https:\/\/wifi.se\/fr\/wp-json\/wp\/v2\/users\/1"}],"replies":[{"embeddable":true,"href":"https:\/\/wifi.se\/fr\/wp-json\/wp\/v2\/comments?post=9949"}],"version-history":[{"count":3,"href":"https:\/\/wifi.se\/fr\/wp-json\/wp\/v2\/posts\/9949\/revisions"}],"predecessor-version":[{"id":32329,"href":"https:\/\/wifi.se\/fr\/wp-json\/wp\/v2\/posts\/9949\/revisions\/32329"}],"wp:featuredmedia":[{"embeddable":true,"href":"https:\/\/wifi.se\/fr\/wp-json\/wp\/v2\/media\/9950"}],"wp:attachment":[{"href":"https:\/\/wifi.se\/fr\/wp-json\/wp\/v2\/media?parent=9949"}],"wp:term":[{"taxonomy":"category","embeddable":true,"href":"https:\/\/wifi.se\/fr\/wp-json\/wp\/v2\/categories?post=9949"},{"taxonomy":"post_tag","embeddable":true,"href":"https:\/\/wifi.se\/fr\/wp-json\/wp\/v2\/tags?post=9949"}],"curies":[{"name":"wp","href":"https:\/\/api.w.org\/{rel}","templated":true}]}}