{"id":14754,"date":"2021-09-24T17:29:57","date_gmt":"2021-09-24T15:29:57","guid":{"rendered":"https:\/\/wifi.se\/?p=14754"},"modified":"2025-04-09T06:49:58","modified_gmt":"2025-04-09T04:49:58","slug":"the-motorhome-fair-in-dusseldorf","status":"publish","type":"post","link":"https:\/\/wifi.se\/fr\/blog\/2021\/09\/24\/the-motorhome-fair-in-dusseldorf\/","title":{"rendered":"Le salon du camping-car \u00e0 D\u00fcsseldorf"},"content":{"rendered":"<p>Chaque ann\u00e9e, au d\u00e9but des mois d&#8217;ao\u00fbt et de septembre, les camping-cars sont \u00e0 l&#8217;honneur au Salon du camping-car de D\u00fcsseldorf. Le Caravan Salon, le plus grand salon europ\u00e9en du camping-car, pr\u00e9sente 2\u00a0000 v\u00e9hicules de loisirs pendant 10 jours. Les visiteurs y trouveront des id\u00e9es de destinations, ainsi que de nombreuses innovations et accessoires. 590 exposants de 130 marques diff\u00e9rentes pr\u00e9sentent leurs produits sur 195\u00a0000 m\u00e8tres carr\u00e9s. C&#8217;est l&#8217;occasion de d\u00e9couvrir l&#8217;univers du camping et du caravaning. La s\u00e9lection de v\u00e9hicules de loisirs et d&#8217;accessoires est unique et r\u00e9pond \u00e0 tous les besoins. C&#8217;est le seul endroit o\u00f9 vous pourrez d\u00e9couvrir les derni\u00e8res tendances et les premi\u00e8res mondiales du secteur.<\/p>\n<p>Le Caravan Salon est un festival qui attire chaque ann\u00e9e de nombreux visiteurs. L&#8217;effervescence des halls et des espaces ext\u00e9rieurs rappelle un festival de musique. Cependant, en raison de la pand\u00e9mie actuelle, l&#8217;environnement n&#8217;est peut-\u00eatre pas le plus s\u00fbr face \u00e0 la COVID-19.<\/p>\n<p>La plupart des salons du camping-car en Europe ont \u00e9t\u00e9 annul\u00e9s en raison de la pand\u00e9mie, mais pas le Caravan Salon. Les organisateurs du salon ont d\u00e9velopp\u00e9 un concept pour organiser l&#8217;\u00e9v\u00e9nement en toute s\u00e9curit\u00e9 face \u00e0 la COVID.<\/p>\n<p>D\u00e9termin\u00e9s \u00e0 maintenir le salon malgr\u00e9 le retrait de plusieurs acteurs majeurs, ils ont relev\u00e9 le d\u00e9fi et cr\u00e9\u00e9 un concept de protection contre la COVID, ProtAction, qui comprenait des mesures telles que le maintien de grandes distances, la limitation du nombre de visiteurs par jour, etc.<\/p>\n<p>Wifi.se s&#8217;est rendu au Salon du camping-car de D\u00fcsseldorf pour analyser le march\u00e9 et l&#8217;offre. Nous avons d\u00e9couvert des camping-cars exceptionnels, de nouveaux mod\u00e8les et de nombreux accessoires. Notre priorit\u00e9 \u00e9tait les solutions techniques. Nous recherchions des solutions Wi-Fi pour camping-cars et d&#8217;autres accessoires pour rester connect\u00e9.<\/p>\n<p>Nous avons conclu que nous avions une longueur d&#8217;avance. Aucun autre fournisseur en Europe ne propose notre concept avec des cartes SIM compatibles dans toute l&#8217;Europe (UE\/EEE) et des forfaits routeur. De nombreux fournisseurs proposent des routeurs, mais vous devez ajouter votre propre carte SIM. Nos cartes SIM sont uniques en Europe\u00a0: elles incluent les donn\u00e9es et sont enti\u00e8rement en itin\u00e9rance. Vous pouvez \u00e9galement utiliser et g\u00e9rer vos donn\u00e9es gratuitement pendant 12\u00a0mois.<\/p>\n<p>Nous avons \u00e9galement recherch\u00e9 des antennes de toit. Wifi.se avait d\u00e9j\u00e0 d\u00e9velopp\u00e9 les siennes apr\u00e8s avoir test\u00e9 plusieurs mod\u00e8les et n&#8217;avoir pas \u00e9t\u00e9 satisfait de leur qualit\u00e9. Cependant, aucune antenne n&#8217;\u00e9tait \u00e0 la hauteur de nos attentes.<\/p>\n<p>Lors de nombreux d\u00e9placements, notamment lors de longs trajets en camping-car, la r\u00e9ception mobile peut \u00eatre faible. Il est crucial d&#8217;optimiser la r\u00e9ception, et la solution optimale est d&#8217;avoir une antenne de toit capable de capter le signal, m\u00eame faible. Les antennes sont expos\u00e9es \u00e0 des contraintes importantes telles que le soleil, la pluie, la neige, le verglas et le vent.<\/p>\n<p>L&#8217;antenne de toit con\u00e7ue par Wifi.se se caract\u00e9rise par sa robustesse, sa rapidit\u00e9 et sa compatibilit\u00e9 avec toutes les fr\u00e9quences, y compris la 5G. Ainsi, elle n&#8217;aura pas besoin d&#8217;\u00eatre remplac\u00e9e en cas de mise \u00e0 niveau ult\u00e9rieure du routeur. Le r\u00e9sultat est une antenne MIMO omnidirectionnelle compatible avec toutes les bandes de fr\u00e9quences\u00a0: 2G\/3G\/4G\/5G. Nous avons conclu que notre produit avait encore une longueur d&#8217;avance et qu&#8217;il \u00e9tait difficile de trouver un \u00e9quivalent.<\/p>\n<p>Dans l&#8217;ensemble, nous sommes satisfaits de notre visite au Salon du camping-car de D\u00fcsseldorf. Nous le recommandons vivement \u00e0 tous les passionn\u00e9s de camping-car ! \ud83d\ude0a<\/p>\n","protected":false},"excerpt":{"rendered":"<p>Chaque ann\u00e9e, au d\u00e9but des mois d&#8217;ao\u00fbt et de septembre, les camping-cars sont \u00e0 l&#8217;honneur au Salon du camping-car de D\u00fcsseldorf. Le Caravan Salon, le plus grand salon europ\u00e9en du camping-car, pr\u00e9sente 2\u00a0000 v\u00e9hicules de loisirs pendant 10 jours. Les visiteurs y trouveront des id\u00e9es de destinations, ainsi que de nombreuses innovations et accessoires. 590 [&#8230;]\n","protected":false},"author":1,"featured_media":14755,"comment_status":"closed","ping_status":"closed","sticky":false,"template":"","format":"standard","meta":{"_acf_changed":false,"footnotes":""},"categories":[86],"tags":[88,132,205,217,90],"class_list":["post-14754","post","type-post","status-publish","format-standard","has-post-thumbnail","hentry","category-news","tag-internet","tag-mobile-broadband","tag-motorhome","tag-motorhome-in-europe","tag-wifi"],"acf":[],"yoast_head":"<!-- This site is optimized with the Yoast SEO plugin v27.1.1 - https:\/\/yoast.com\/product\/yoast-seo-wordpress\/ -->\n<title>The Motorhome Fair in D\u00fcsseldorf<\/title>\n<meta name=\"description\" content=\"Wifi.se participates in the Motorhome Fair in D\u00fcsseldorf. Wifi.se is at the forefront of technical solutions for your motorhome and strives to stay updated at all times.\" \/>\n<meta name=\"robots\" content=\"index, follow, max-snippet:-1, max-image-preview:large, max-video-preview:-1\" \/>\n<link rel=\"canonical\" href=\"https:\/\/wifi.se\/fr\/blog\/2021\/09\/24\/the-motorhome-fair-in-dusseldorf\/\" \/>\n<meta property=\"og:locale\" content=\"fr_FR\" \/>\n<meta property=\"og:type\" content=\"article\" \/>\n<meta property=\"og:title\" content=\"The Motorhome Fair in D\u00fcsseldorf\" \/>\n<meta property=\"og:description\" content=\"Wifi.se participates in the Motorhome Fair in D\u00fcsseldorf. Wifi.se is at the forefront of technical solutions for your motorhome and strives to stay updated at all times.\" \/>\n<meta property=\"og:url\" content=\"https:\/\/wifi.se\/fr\/blog\/2021\/09\/24\/the-motorhome-fair-in-dusseldorf\/\" \/>\n<meta property=\"og:site_name\" content=\"WIFI.SE\/FR\" \/>\n<meta property=\"article:published_time\" content=\"2021-09-24T15:29:57+00:00\" \/>\n<meta property=\"article:modified_time\" content=\"2025-04-09T04:49:58+00:00\" \/>\n<meta property=\"og:image\" content=\"https:\/\/wifi.se\/fr\/wp-content\/uploads\/sites\/8\/2021\/09\/caravan-salon-2021-002.jpeg\" \/>\n\t<meta property=\"og:image:width\" content=\"679\" \/>\n\t<meta property=\"og:image:height\" content=\"453\" \/>\n\t<meta property=\"og:image:type\" content=\"image\/jpeg\" \/>\n<meta name=\"author\" content=\"Wifi.se\" \/>\n<meta name=\"twitter:card\" content=\"summary_large_image\" \/>\n<meta name=\"twitter:label1\" content=\"\u00c9crit par\" \/>\n\t<meta name=\"twitter:data1\" content=\"Wifi.se\" \/>\n\t<meta name=\"twitter:label2\" content=\"Dur\u00e9e de lecture estim\u00e9e\" \/>\n\t<meta name=\"twitter:data2\" content=\"3 minutes\" \/>\n<script type=\"application\/ld+json\" class=\"yoast-schema-graph\">{\"@context\":\"https:\/\/schema.org\",\"@graph\":[{\"@type\":\"Article\",\"@id\":\"https:\/\/wifi.se\/fr\/blog\/2021\/09\/24\/the-motorhome-fair-in-dusseldorf\/#article\",\"isPartOf\":{\"@id\":\"https:\/\/wifi.se\/fr\/blog\/2021\/09\/24\/the-motorhome-fair-in-dusseldorf\/\"},\"author\":{\"name\":\"Wifi.se\",\"@id\":\"https:\/\/wifi.se\/fr\/#\/schema\/person\/195cf8b50a64ee451002f5c6dec42a8d\"},\"headline\":\"Le salon du camping-car \u00e0 D\u00fcsseldorf\",\"datePublished\":\"2021-09-24T15:29:57+00:00\",\"dateModified\":\"2025-04-09T04:49:58+00:00\",\"mainEntityOfPage\":{\"@id\":\"https:\/\/wifi.se\/fr\/blog\/2021\/09\/24\/the-motorhome-fair-in-dusseldorf\/\"},\"wordCount\":637,\"image\":{\"@id\":\"https:\/\/wifi.se\/fr\/blog\/2021\/09\/24\/the-motorhome-fair-in-dusseldorf\/#primaryimage\"},\"thumbnailUrl\":\"https:\/\/wifi.se\/fr\/wp-content\/uploads\/sites\/8\/2021\/09\/caravan-salon-2021-002.jpeg\",\"keywords\":[\"Internet\",\"Mobile broadband\",\"Motorhome\",\"Motorhome in Europe\",\"Wifi\"],\"articleSection\":[\"Nouvelles\"],\"inLanguage\":\"fr-FR\"},{\"@type\":\"WebPage\",\"@id\":\"https:\/\/wifi.se\/fr\/blog\/2021\/09\/24\/the-motorhome-fair-in-dusseldorf\/\",\"url\":\"https:\/\/wifi.se\/fr\/blog\/2021\/09\/24\/the-motorhome-fair-in-dusseldorf\/\",\"name\":\"The Motorhome Fair in D\u00fcsseldorf\",\"isPartOf\":{\"@id\":\"https:\/\/wifi.se\/fr\/#website\"},\"primaryImageOfPage\":{\"@id\":\"https:\/\/wifi.se\/fr\/blog\/2021\/09\/24\/the-motorhome-fair-in-dusseldorf\/#primaryimage\"},\"image\":{\"@id\":\"https:\/\/wifi.se\/fr\/blog\/2021\/09\/24\/the-motorhome-fair-in-dusseldorf\/#primaryimage\"},\"thumbnailUrl\":\"https:\/\/wifi.se\/fr\/wp-content\/uploads\/sites\/8\/2021\/09\/caravan-salon-2021-002.jpeg\",\"datePublished\":\"2021-09-24T15:29:57+00:00\",\"dateModified\":\"2025-04-09T04:49:58+00:00\",\"author\":{\"@id\":\"https:\/\/wifi.se\/fr\/#\/schema\/person\/195cf8b50a64ee451002f5c6dec42a8d\"},\"description\":\"Wifi.se participates in the Motorhome Fair in D\u00fcsseldorf. Wifi.se is at the forefront of technical solutions for your motorhome and strives to stay updated at all times.\",\"breadcrumb\":{\"@id\":\"https:\/\/wifi.se\/fr\/blog\/2021\/09\/24\/the-motorhome-fair-in-dusseldorf\/#breadcrumb\"},\"inLanguage\":\"fr-FR\",\"potentialAction\":[{\"@type\":\"ReadAction\",\"target\":[\"https:\/\/wifi.se\/fr\/blog\/2021\/09\/24\/the-motorhome-fair-in-dusseldorf\/\"]}]},{\"@type\":\"ImageObject\",\"inLanguage\":\"fr-FR\",\"@id\":\"https:\/\/wifi.se\/fr\/blog\/2021\/09\/24\/the-motorhome-fair-in-dusseldorf\/#primaryimage\",\"url\":\"https:\/\/wifi.se\/fr\/wp-content\/uploads\/sites\/8\/2021\/09\/caravan-salon-2021-002.jpeg\",\"contentUrl\":\"https:\/\/wifi.se\/fr\/wp-content\/uploads\/sites\/8\/2021\/09\/caravan-salon-2021-002.jpeg\",\"width\":679,\"height\":453},{\"@type\":\"BreadcrumbList\",\"@id\":\"https:\/\/wifi.se\/fr\/blog\/2021\/09\/24\/the-motorhome-fair-in-dusseldorf\/#breadcrumb\",\"itemListElement\":[{\"@type\":\"ListItem\",\"position\":1,\"name\":\"Hem\",\"item\":\"https:\/\/wifi.se\/fr\/\"},{\"@type\":\"ListItem\",\"position\":2,\"name\":\"Le salon du camping-car \u00e0 D\u00fcsseldorf\"}]},{\"@type\":\"WebSite\",\"@id\":\"https:\/\/wifi.se\/fr\/#website\",\"url\":\"https:\/\/wifi.se\/fr\/\",\"name\":\"WIFI.SE\/FR\",\"description\":\"INTERNET PARTOUT\",\"potentialAction\":[{\"@type\":\"SearchAction\",\"target\":{\"@type\":\"EntryPoint\",\"urlTemplate\":\"https:\/\/wifi.se\/fr\/?s={search_term_string}\"},\"query-input\":{\"@type\":\"PropertyValueSpecification\",\"valueRequired\":true,\"valueName\":\"search_term_string\"}}],\"inLanguage\":\"fr-FR\"},{\"@type\":\"Person\",\"@id\":\"https:\/\/wifi.se\/fr\/#\/schema\/person\/195cf8b50a64ee451002f5c6dec42a8d\",\"name\":\"Wifi.se\",\"url\":\"https:\/\/wifi.se\/fr\/blog\/author\/rhp7l\/\"}]}<\/script>\n<!-- \/ Yoast SEO plugin. -->","yoast_head_json":{"title":"The Motorhome Fair in D\u00fcsseldorf","description":"Wifi.se participates in the Motorhome Fair in D\u00fcsseldorf. Wifi.se is at the forefront of technical solutions for your motorhome and strives to stay updated at all times.","robots":{"index":"index","follow":"follow","max-snippet":"max-snippet:-1","max-image-preview":"max-image-preview:large","max-video-preview":"max-video-preview:-1"},"canonical":"https:\/\/wifi.se\/fr\/blog\/2021\/09\/24\/the-motorhome-fair-in-dusseldorf\/","og_locale":"fr_FR","og_type":"article","og_title":"The Motorhome Fair in D\u00fcsseldorf","og_description":"Wifi.se participates in the Motorhome Fair in D\u00fcsseldorf. Wifi.se is at the forefront of technical solutions for your motorhome and strives to stay updated at all times.","og_url":"https:\/\/wifi.se\/fr\/blog\/2021\/09\/24\/the-motorhome-fair-in-dusseldorf\/","og_site_name":"WIFI.SE\/FR","article_published_time":"2021-09-24T15:29:57+00:00","article_modified_time":"2025-04-09T04:49:58+00:00","og_image":[{"width":679,"height":453,"url":"https:\/\/wifi.se\/fr\/wp-content\/uploads\/sites\/8\/2021\/09\/caravan-salon-2021-002.jpeg","type":"image\/jpeg"}],"author":"Wifi.se","twitter_card":"summary_large_image","twitter_misc":{"\u00c9crit par":"Wifi.se","Dur\u00e9e de lecture estim\u00e9e":"3 minutes"},"schema":{"@context":"https:\/\/schema.org","@graph":[{"@type":"Article","@id":"https:\/\/wifi.se\/fr\/blog\/2021\/09\/24\/the-motorhome-fair-in-dusseldorf\/#article","isPartOf":{"@id":"https:\/\/wifi.se\/fr\/blog\/2021\/09\/24\/the-motorhome-fair-in-dusseldorf\/"},"author":{"name":"Wifi.se","@id":"https:\/\/wifi.se\/fr\/#\/schema\/person\/195cf8b50a64ee451002f5c6dec42a8d"},"headline":"Le salon du camping-car \u00e0 D\u00fcsseldorf","datePublished":"2021-09-24T15:29:57+00:00","dateModified":"2025-04-09T04:49:58+00:00","mainEntityOfPage":{"@id":"https:\/\/wifi.se\/fr\/blog\/2021\/09\/24\/the-motorhome-fair-in-dusseldorf\/"},"wordCount":637,"image":{"@id":"https:\/\/wifi.se\/fr\/blog\/2021\/09\/24\/the-motorhome-fair-in-dusseldorf\/#primaryimage"},"thumbnailUrl":"https:\/\/wifi.se\/fr\/wp-content\/uploads\/sites\/8\/2021\/09\/caravan-salon-2021-002.jpeg","keywords":["Internet","Mobile broadband","Motorhome","Motorhome in Europe","Wifi"],"articleSection":["Nouvelles"],"inLanguage":"fr-FR"},{"@type":"WebPage","@id":"https:\/\/wifi.se\/fr\/blog\/2021\/09\/24\/the-motorhome-fair-in-dusseldorf\/","url":"https:\/\/wifi.se\/fr\/blog\/2021\/09\/24\/the-motorhome-fair-in-dusseldorf\/","name":"The Motorhome Fair in D\u00fcsseldorf","isPartOf":{"@id":"https:\/\/wifi.se\/fr\/#website"},"primaryImageOfPage":{"@id":"https:\/\/wifi.se\/fr\/blog\/2021\/09\/24\/the-motorhome-fair-in-dusseldorf\/#primaryimage"},"image":{"@id":"https:\/\/wifi.se\/fr\/blog\/2021\/09\/24\/the-motorhome-fair-in-dusseldorf\/#primaryimage"},"thumbnailUrl":"https:\/\/wifi.se\/fr\/wp-content\/uploads\/sites\/8\/2021\/09\/caravan-salon-2021-002.jpeg","datePublished":"2021-09-24T15:29:57+00:00","dateModified":"2025-04-09T04:49:58+00:00","author":{"@id":"https:\/\/wifi.se\/fr\/#\/schema\/person\/195cf8b50a64ee451002f5c6dec42a8d"},"description":"Wifi.se participates in the Motorhome Fair in D\u00fcsseldorf. Wifi.se is at the forefront of technical solutions for your motorhome and strives to stay updated at all times.","breadcrumb":{"@id":"https:\/\/wifi.se\/fr\/blog\/2021\/09\/24\/the-motorhome-fair-in-dusseldorf\/#breadcrumb"},"inLanguage":"fr-FR","potentialAction":[{"@type":"ReadAction","target":["https:\/\/wifi.se\/fr\/blog\/2021\/09\/24\/the-motorhome-fair-in-dusseldorf\/"]}]},{"@type":"ImageObject","inLanguage":"fr-FR","@id":"https:\/\/wifi.se\/fr\/blog\/2021\/09\/24\/the-motorhome-fair-in-dusseldorf\/#primaryimage","url":"https:\/\/wifi.se\/fr\/wp-content\/uploads\/sites\/8\/2021\/09\/caravan-salon-2021-002.jpeg","contentUrl":"https:\/\/wifi.se\/fr\/wp-content\/uploads\/sites\/8\/2021\/09\/caravan-salon-2021-002.jpeg","width":679,"height":453},{"@type":"BreadcrumbList","@id":"https:\/\/wifi.se\/fr\/blog\/2021\/09\/24\/the-motorhome-fair-in-dusseldorf\/#breadcrumb","itemListElement":[{"@type":"ListItem","position":1,"name":"Hem","item":"https:\/\/wifi.se\/fr\/"},{"@type":"ListItem","position":2,"name":"Le salon du camping-car \u00e0 D\u00fcsseldorf"}]},{"@type":"WebSite","@id":"https:\/\/wifi.se\/fr\/#website","url":"https:\/\/wifi.se\/fr\/","name":"WIFI.SE\/FR","description":"INTERNET PARTOUT","potentialAction":[{"@type":"SearchAction","target":{"@type":"EntryPoint","urlTemplate":"https:\/\/wifi.se\/fr\/?s={search_term_string}"},"query-input":{"@type":"PropertyValueSpecification","valueRequired":true,"valueName":"search_term_string"}}],"inLanguage":"fr-FR"},{"@type":"Person","@id":"https:\/\/wifi.se\/fr\/#\/schema\/person\/195cf8b50a64ee451002f5c6dec42a8d","name":"Wifi.se","url":"https:\/\/wifi.se\/fr\/blog\/author\/rhp7l\/"}]}},"_links":{"self":[{"href":"https:\/\/wifi.se\/fr\/wp-json\/wp\/v2\/posts\/14754","targetHints":{"allow":["GET"]}}],"collection":[{"href":"https:\/\/wifi.se\/fr\/wp-json\/wp\/v2\/posts"}],"about":[{"href":"https:\/\/wifi.se\/fr\/wp-json\/wp\/v2\/types\/post"}],"author":[{"embeddable":true,"href":"https:\/\/wifi.se\/fr\/wp-json\/wp\/v2\/users\/1"}],"replies":[{"embeddable":true,"href":"https:\/\/wifi.se\/fr\/wp-json\/wp\/v2\/comments?post=14754"}],"version-history":[{"count":3,"href":"https:\/\/wifi.se\/fr\/wp-json\/wp\/v2\/posts\/14754\/revisions"}],"predecessor-version":[{"id":32358,"href":"https:\/\/wifi.se\/fr\/wp-json\/wp\/v2\/posts\/14754\/revisions\/32358"}],"wp:featuredmedia":[{"embeddable":true,"href":"https:\/\/wifi.se\/fr\/wp-json\/wp\/v2\/media\/14755"}],"wp:attachment":[{"href":"https:\/\/wifi.se\/fr\/wp-json\/wp\/v2\/media?parent=14754"}],"wp:term":[{"taxonomy":"category","embeddable":true,"href":"https:\/\/wifi.se\/fr\/wp-json\/wp\/v2\/categories?post=14754"},{"taxonomy":"post_tag","embeddable":true,"href":"https:\/\/wifi.se\/fr\/wp-json\/wp\/v2\/tags?post=14754"}],"curies":[{"name":"wp","href":"https:\/\/api.w.org\/{rel}","templated":true}]}}