{"id":11038,"date":"2020-12-07T13:16:35","date_gmt":"2020-12-07T13:16:35","guid":{"rendered":"https:\/\/wifi.se\/?p=11038"},"modified":"2025-04-09T07:06:14","modified_gmt":"2025-04-09T05:06:14","slug":"christmas-tv-in-the-motorhome","status":"publish","type":"post","link":"https:\/\/wifi.se\/fr\/blog\/2020\/12\/07\/christmas-tv-in-the-motorhome\/","title":{"rendered":"La t\u00e9l\u00e9vision de No\u00ebl dans le camping-car"},"content":{"rendered":"<h3>T\u00e9l\u00e9vision de No\u00ebl en camping-car<\/h3>\n<p>Cette ann\u00e9e, No\u00ebl s&#8217;annonce diff\u00e9rent, beaucoup ne pouvant pas retrouver leurs proches comme d&#8217;habitude. Nombreux sont ceux qui pourraient choisir de partir en camping-car. Vous pouvez d\u00e9sormais regarder la t\u00e9l\u00e9vision su\u00e9doise de No\u00ebl en camping-car dans toute l&#8217;UE\/EEE. Cette ann\u00e9e, il est particuli\u00e8rement important pour la t\u00e9l\u00e9vision de No\u00ebl en camping-car 2020 de proposer des programmes qui nous rapprochent.<\/p>\n<p>La programmation de No\u00ebl regorge de traditions, d&#8217;exp\u00e9riences culturelles, de documentaires, d&#8217;\u00e9missions musicales et de s\u00e9ries t\u00e9l\u00e9vis\u00e9es captivantes, notamment des \u00e9pisodes sp\u00e9ciaux in\u00e9dits de \u00ab\u00a0V\u00e5r tid \u00e4r nu\u00a0\u00bb (Notre heure est venue). SVT fera \u00e9galement appel \u00e0 ses animateurs pour accompagner les festivit\u00e9s tout au long de la saison, de la Sainte-Lucie \u00e0 l&#8217;\u00c9piphanie, et bien s\u00fbr, un animateur tr\u00e8s sp\u00e9cial sera pr\u00e9sent le soir de No\u00ebl, a d\u00e9clar\u00e9 Hanna Stj\u00e4rne, PDG de SVT, dans un communiqu\u00e9 de presse.<\/p>\n<p>L&#8217;artiste Lars Lerin, d\u00e9j\u00e0 pr\u00e9sentateur de l&#8217;\u00e9mission \u00ab\u00a0Lerins l\u00e4rlingar\u00a0\u00bb (Les Apprentis de Lerin) sur SVT, accompagnera les t\u00e9l\u00e9spectateurs lors de l&#8217;\u00e9mission de No\u00ebl en camping-car 2020.<\/p>\n<p>Entre 1959 et 2002, les pr\u00e9sentateurs du r\u00e9veillon de No\u00ebl ont connu quelques variations. \u00c0 quelques exceptions pr\u00e8s, ce sont Bengt Feldreich et Arne Weise qui, pendant 43 ans, ont anim\u00e9 l&#8217;\u00e9mission du r\u00e9veillon de No\u00ebl sur SVT. Arne Weise est la personne la plus souvent associ\u00e9e \u00e0 ce r\u00f4le. Il est devenu pr\u00e9sentateur de No\u00ebl pour la premi\u00e8re fois en 1964, et entre 1972 et 2002, il a accompagn\u00e9 les t\u00e9l\u00e9spectateurs le r\u00e9veillon de No\u00ebl presque chaque ann\u00e9e. Par la suite, de nombreux autres ont \u00e9t\u00e9 vus \u00e0 l&#8217;\u00e9cran, comme Kattis Ahlstr\u00f6m, Gina Dirawi, Henrik Dorsin, Lotta Lundgren et Erik Haag.<\/p>\n<p>Depuis 2003, un nouveau Su\u00e9dois c\u00e9l\u00e8bre, souvent pr\u00e9sent sur SVT, s&#8217;installe en studio la veille de No\u00ebl pour pr\u00e9senter Kalle Anka (Donald Duck) et \u00ab\u00a0Kan du vissla Johanna\u00a0?\u00bb (Peux-tu siffler Johanna\u00a0?).<\/p>\n<p>Le calendrier de No\u00ebl de cette ann\u00e9e sur SVT s&#8217;intitule \u00ab\u00a0Mirakel\u00a0\u00bb (Miracle), un conte de No\u00ebl qui s&#8217;\u00e9tend de 1920 \u00e0 2020. Il est diffus\u00e9 quotidiennement et \u00e9galement disponible sur SVT Play\u00a0: <a href=\"https:\/\/www.svt.se\/barnkanalen\/julkalendrar-i-svt\/\">SVT Play<\/a><\/p>\n<p>La t\u00e9l\u00e9vision de No\u00ebl en camping-car 2020 promet d&#8217;\u00eatre pleine de surprises. Voici un aper\u00e7u du top 10 des films de No\u00ebl\u00a0:<\/p>\n<ul>\n<li>Maman, j&#8217;ai rat\u00e9 l&#8217;avion<\/li>\n<li>Tomten \u00e4r far till alla barnen (Le P\u00e8re No\u00ebl est le p\u00e8re de tous les enfants)<\/li>\n<li>A P\u00e4ron till Farsa Firar Jul (Une poire pour le P\u00e8re No\u00ebl)<\/li>\n<li>Hook<\/li>\n<li>Maman, j&#8217;ai rat\u00e9 l&#8217;avion 2<\/li>\n<li>S\u00e4llskapsresan (Le voyage en charter)<\/li>\n<li>Le P\u00f4le Express<\/li>\n<li>Fanny et Alexandre<\/li>\n<li>Bad Santa<\/li>\n<li>En Underbar J\u00e4vla Jul (Un putain de No\u00ebl merveilleux)<\/li>\n<\/ul>\n<p>Tout le monde chez Wifi.se souhaite un joyeux No\u00ebl \u00e0 tous et esp\u00e8re que les \u00e9missions de No\u00ebl en camping-car 2020 seront encore plus r\u00e9ussies.<\/p>\n","protected":false},"excerpt":{"rendered":"<p>T\u00e9l\u00e9vision de No\u00ebl en camping-car Cette ann\u00e9e, No\u00ebl s&#8217;annonce diff\u00e9rent, beaucoup ne pouvant pas retrouver leurs proches comme d&#8217;habitude. Nombreux sont ceux qui pourraient choisir de partir en camping-car. Vous pouvez d\u00e9sormais regarder la t\u00e9l\u00e9vision su\u00e9doise de No\u00ebl en camping-car dans toute l&#8217;UE\/EEE. Cette ann\u00e9e, il est particuli\u00e8rement important pour la t\u00e9l\u00e9vision de No\u00ebl en [&#8230;]\n","protected":false},"author":1,"featured_media":11044,"comment_status":"open","ping_status":"open","sticky":false,"template":"","format":"standard","meta":{"_acf_changed":false,"footnotes":""},"categories":[86],"tags":[235,88,203,94,237,90],"class_list":["post-11038","post","type-post","status-publish","format-standard","has-post-thumbnail","hentry","category-news","tag-christmas-tv-2020","tag-internet","tag-smart-tv","tag-technology","tag-tv-in-the-motorhome","tag-wifi"],"acf":[],"yoast_head":"<!-- This site is optimized with the Yoast SEO plugin v27.1.1 - https:\/\/yoast.com\/product\/yoast-seo-wordpress\/ -->\n<title>Christmas TV in the Motorhome<\/title>\n<meta name=\"description\" content=\"Christmas TV in the motorhome 2020 will be something truly special. Especially in a time when many are feeling lonely. Many surprises await, including &quot;V\u00e5r tid \u00e4r nu&quot; (Our Time Is Now).\" \/>\n<meta name=\"robots\" content=\"index, follow, max-snippet:-1, max-image-preview:large, max-video-preview:-1\" \/>\n<link rel=\"canonical\" href=\"https:\/\/wifi.se\/fr\/blog\/2020\/12\/07\/christmas-tv-in-the-motorhome\/\" \/>\n<meta property=\"og:locale\" content=\"fr_FR\" \/>\n<meta property=\"og:type\" content=\"article\" \/>\n<meta property=\"og:title\" content=\"Christmas TV in the Motorhome\" \/>\n<meta property=\"og:description\" content=\"Christmas TV in the motorhome 2020 will be something truly special. Especially in a time when many are feeling lonely. Many surprises await, including &quot;V\u00e5r tid \u00e4r nu&quot; (Our Time Is Now).\" \/>\n<meta property=\"og:url\" content=\"https:\/\/wifi.se\/fr\/blog\/2020\/12\/07\/christmas-tv-in-the-motorhome\/\" \/>\n<meta property=\"og:site_name\" content=\"WIFI.SE\/FR\" \/>\n<meta property=\"article:published_time\" content=\"2020-12-07T13:16:35+00:00\" \/>\n<meta property=\"article:modified_time\" content=\"2025-04-09T05:06:14+00:00\" \/>\n<meta property=\"og:image\" content=\"https:\/\/wifi.se\/fr\/wp-content\/uploads\/sites\/8\/2020\/12\/130471340_1762051793958978_1983462174571491012_n-1.png\" \/>\n\t<meta property=\"og:image:width\" content=\"540\" \/>\n\t<meta property=\"og:image:height\" content=\"306\" \/>\n\t<meta property=\"og:image:type\" content=\"image\/png\" \/>\n<meta name=\"author\" content=\"Wifi.se\" \/>\n<meta name=\"twitter:card\" content=\"summary_large_image\" \/>\n<meta name=\"twitter:label1\" content=\"\u00c9crit par\" \/>\n\t<meta name=\"twitter:data1\" content=\"Wifi.se\" \/>\n\t<meta name=\"twitter:label2\" content=\"Dur\u00e9e de lecture estim\u00e9e\" \/>\n\t<meta name=\"twitter:data2\" content=\"3 minutes\" \/>\n<script type=\"application\/ld+json\" class=\"yoast-schema-graph\">{\"@context\":\"https:\/\/schema.org\",\"@graph\":[{\"@type\":\"Article\",\"@id\":\"https:\/\/wifi.se\/fr\/blog\/2020\/12\/07\/christmas-tv-in-the-motorhome\/#article\",\"isPartOf\":{\"@id\":\"https:\/\/wifi.se\/fr\/blog\/2020\/12\/07\/christmas-tv-in-the-motorhome\/\"},\"author\":{\"name\":\"Wifi.se\",\"@id\":\"https:\/\/wifi.se\/fr\/#\/schema\/person\/195cf8b50a64ee451002f5c6dec42a8d\"},\"headline\":\"La t\u00e9l\u00e9vision de No\u00ebl dans le camping-car\",\"datePublished\":\"2020-12-07T13:16:35+00:00\",\"dateModified\":\"2025-04-09T05:06:14+00:00\",\"mainEntityOfPage\":{\"@id\":\"https:\/\/wifi.se\/fr\/blog\/2020\/12\/07\/christmas-tv-in-the-motorhome\/\"},\"wordCount\":536,\"commentCount\":0,\"image\":{\"@id\":\"https:\/\/wifi.se\/fr\/blog\/2020\/12\/07\/christmas-tv-in-the-motorhome\/#primaryimage\"},\"thumbnailUrl\":\"https:\/\/wifi.se\/fr\/wp-content\/uploads\/sites\/8\/2020\/12\/130471340_1762051793958978_1983462174571491012_n-1.png\",\"keywords\":[\"Christmas TV 2020\",\"Internet\",\"Smart TV\",\"Technology\",\"TV in the motorhome\",\"Wifi\"],\"articleSection\":[\"Nouvelles\"],\"inLanguage\":\"fr-FR\",\"potentialAction\":[{\"@type\":\"CommentAction\",\"name\":\"Comment\",\"target\":[\"https:\/\/wifi.se\/fr\/blog\/2020\/12\/07\/christmas-tv-in-the-motorhome\/#respond\"]}]},{\"@type\":\"WebPage\",\"@id\":\"https:\/\/wifi.se\/fr\/blog\/2020\/12\/07\/christmas-tv-in-the-motorhome\/\",\"url\":\"https:\/\/wifi.se\/fr\/blog\/2020\/12\/07\/christmas-tv-in-the-motorhome\/\",\"name\":\"Christmas TV in the Motorhome\",\"isPartOf\":{\"@id\":\"https:\/\/wifi.se\/fr\/#website\"},\"primaryImageOfPage\":{\"@id\":\"https:\/\/wifi.se\/fr\/blog\/2020\/12\/07\/christmas-tv-in-the-motorhome\/#primaryimage\"},\"image\":{\"@id\":\"https:\/\/wifi.se\/fr\/blog\/2020\/12\/07\/christmas-tv-in-the-motorhome\/#primaryimage\"},\"thumbnailUrl\":\"https:\/\/wifi.se\/fr\/wp-content\/uploads\/sites\/8\/2020\/12\/130471340_1762051793958978_1983462174571491012_n-1.png\",\"datePublished\":\"2020-12-07T13:16:35+00:00\",\"dateModified\":\"2025-04-09T05:06:14+00:00\",\"author\":{\"@id\":\"https:\/\/wifi.se\/fr\/#\/schema\/person\/195cf8b50a64ee451002f5c6dec42a8d\"},\"description\":\"Christmas TV in the motorhome 2020 will be something truly special. Especially in a time when many are feeling lonely. Many surprises await, including \\\"V\u00e5r tid \u00e4r nu\\\" (Our Time Is Now).\",\"breadcrumb\":{\"@id\":\"https:\/\/wifi.se\/fr\/blog\/2020\/12\/07\/christmas-tv-in-the-motorhome\/#breadcrumb\"},\"inLanguage\":\"fr-FR\",\"potentialAction\":[{\"@type\":\"ReadAction\",\"target\":[\"https:\/\/wifi.se\/fr\/blog\/2020\/12\/07\/christmas-tv-in-the-motorhome\/\"]}]},{\"@type\":\"ImageObject\",\"inLanguage\":\"fr-FR\",\"@id\":\"https:\/\/wifi.se\/fr\/blog\/2020\/12\/07\/christmas-tv-in-the-motorhome\/#primaryimage\",\"url\":\"https:\/\/wifi.se\/fr\/wp-content\/uploads\/sites\/8\/2020\/12\/130471340_1762051793958978_1983462174571491012_n-1.png\",\"contentUrl\":\"https:\/\/wifi.se\/fr\/wp-content\/uploads\/sites\/8\/2020\/12\/130471340_1762051793958978_1983462174571491012_n-1.png\",\"width\":540,\"height\":306},{\"@type\":\"BreadcrumbList\",\"@id\":\"https:\/\/wifi.se\/fr\/blog\/2020\/12\/07\/christmas-tv-in-the-motorhome\/#breadcrumb\",\"itemListElement\":[{\"@type\":\"ListItem\",\"position\":1,\"name\":\"Hem\",\"item\":\"https:\/\/wifi.se\/fr\/\"},{\"@type\":\"ListItem\",\"position\":2,\"name\":\"La t\u00e9l\u00e9vision de No\u00ebl dans le camping-car\"}]},{\"@type\":\"WebSite\",\"@id\":\"https:\/\/wifi.se\/fr\/#website\",\"url\":\"https:\/\/wifi.se\/fr\/\",\"name\":\"WIFI.SE\/FR\",\"description\":\"INTERNET PARTOUT\",\"potentialAction\":[{\"@type\":\"SearchAction\",\"target\":{\"@type\":\"EntryPoint\",\"urlTemplate\":\"https:\/\/wifi.se\/fr\/?s={search_term_string}\"},\"query-input\":{\"@type\":\"PropertyValueSpecification\",\"valueRequired\":true,\"valueName\":\"search_term_string\"}}],\"inLanguage\":\"fr-FR\"},{\"@type\":\"Person\",\"@id\":\"https:\/\/wifi.se\/fr\/#\/schema\/person\/195cf8b50a64ee451002f5c6dec42a8d\",\"name\":\"Wifi.se\",\"url\":\"https:\/\/wifi.se\/fr\/blog\/author\/rhp7l\/\"}]}<\/script>\n<!-- \/ Yoast SEO plugin. -->","yoast_head_json":{"title":"Christmas TV in the Motorhome","description":"Christmas TV in the motorhome 2020 will be something truly special. Especially in a time when many are feeling lonely. Many surprises await, including \"V\u00e5r tid \u00e4r nu\" (Our Time Is Now).","robots":{"index":"index","follow":"follow","max-snippet":"max-snippet:-1","max-image-preview":"max-image-preview:large","max-video-preview":"max-video-preview:-1"},"canonical":"https:\/\/wifi.se\/fr\/blog\/2020\/12\/07\/christmas-tv-in-the-motorhome\/","og_locale":"fr_FR","og_type":"article","og_title":"Christmas TV in the Motorhome","og_description":"Christmas TV in the motorhome 2020 will be something truly special. Especially in a time when many are feeling lonely. Many surprises await, including \"V\u00e5r tid \u00e4r nu\" (Our Time Is Now).","og_url":"https:\/\/wifi.se\/fr\/blog\/2020\/12\/07\/christmas-tv-in-the-motorhome\/","og_site_name":"WIFI.SE\/FR","article_published_time":"2020-12-07T13:16:35+00:00","article_modified_time":"2025-04-09T05:06:14+00:00","og_image":[{"width":540,"height":306,"url":"https:\/\/wifi.se\/fr\/wp-content\/uploads\/sites\/8\/2020\/12\/130471340_1762051793958978_1983462174571491012_n-1.png","type":"image\/png"}],"author":"Wifi.se","twitter_card":"summary_large_image","twitter_misc":{"\u00c9crit par":"Wifi.se","Dur\u00e9e de lecture estim\u00e9e":"3 minutes"},"schema":{"@context":"https:\/\/schema.org","@graph":[{"@type":"Article","@id":"https:\/\/wifi.se\/fr\/blog\/2020\/12\/07\/christmas-tv-in-the-motorhome\/#article","isPartOf":{"@id":"https:\/\/wifi.se\/fr\/blog\/2020\/12\/07\/christmas-tv-in-the-motorhome\/"},"author":{"name":"Wifi.se","@id":"https:\/\/wifi.se\/fr\/#\/schema\/person\/195cf8b50a64ee451002f5c6dec42a8d"},"headline":"La t\u00e9l\u00e9vision de No\u00ebl dans le camping-car","datePublished":"2020-12-07T13:16:35+00:00","dateModified":"2025-04-09T05:06:14+00:00","mainEntityOfPage":{"@id":"https:\/\/wifi.se\/fr\/blog\/2020\/12\/07\/christmas-tv-in-the-motorhome\/"},"wordCount":536,"commentCount":0,"image":{"@id":"https:\/\/wifi.se\/fr\/blog\/2020\/12\/07\/christmas-tv-in-the-motorhome\/#primaryimage"},"thumbnailUrl":"https:\/\/wifi.se\/fr\/wp-content\/uploads\/sites\/8\/2020\/12\/130471340_1762051793958978_1983462174571491012_n-1.png","keywords":["Christmas TV 2020","Internet","Smart TV","Technology","TV in the motorhome","Wifi"],"articleSection":["Nouvelles"],"inLanguage":"fr-FR","potentialAction":[{"@type":"CommentAction","name":"Comment","target":["https:\/\/wifi.se\/fr\/blog\/2020\/12\/07\/christmas-tv-in-the-motorhome\/#respond"]}]},{"@type":"WebPage","@id":"https:\/\/wifi.se\/fr\/blog\/2020\/12\/07\/christmas-tv-in-the-motorhome\/","url":"https:\/\/wifi.se\/fr\/blog\/2020\/12\/07\/christmas-tv-in-the-motorhome\/","name":"Christmas TV in the Motorhome","isPartOf":{"@id":"https:\/\/wifi.se\/fr\/#website"},"primaryImageOfPage":{"@id":"https:\/\/wifi.se\/fr\/blog\/2020\/12\/07\/christmas-tv-in-the-motorhome\/#primaryimage"},"image":{"@id":"https:\/\/wifi.se\/fr\/blog\/2020\/12\/07\/christmas-tv-in-the-motorhome\/#primaryimage"},"thumbnailUrl":"https:\/\/wifi.se\/fr\/wp-content\/uploads\/sites\/8\/2020\/12\/130471340_1762051793958978_1983462174571491012_n-1.png","datePublished":"2020-12-07T13:16:35+00:00","dateModified":"2025-04-09T05:06:14+00:00","author":{"@id":"https:\/\/wifi.se\/fr\/#\/schema\/person\/195cf8b50a64ee451002f5c6dec42a8d"},"description":"Christmas TV in the motorhome 2020 will be something truly special. Especially in a time when many are feeling lonely. Many surprises await, including \"V\u00e5r tid \u00e4r nu\" (Our Time Is Now).","breadcrumb":{"@id":"https:\/\/wifi.se\/fr\/blog\/2020\/12\/07\/christmas-tv-in-the-motorhome\/#breadcrumb"},"inLanguage":"fr-FR","potentialAction":[{"@type":"ReadAction","target":["https:\/\/wifi.se\/fr\/blog\/2020\/12\/07\/christmas-tv-in-the-motorhome\/"]}]},{"@type":"ImageObject","inLanguage":"fr-FR","@id":"https:\/\/wifi.se\/fr\/blog\/2020\/12\/07\/christmas-tv-in-the-motorhome\/#primaryimage","url":"https:\/\/wifi.se\/fr\/wp-content\/uploads\/sites\/8\/2020\/12\/130471340_1762051793958978_1983462174571491012_n-1.png","contentUrl":"https:\/\/wifi.se\/fr\/wp-content\/uploads\/sites\/8\/2020\/12\/130471340_1762051793958978_1983462174571491012_n-1.png","width":540,"height":306},{"@type":"BreadcrumbList","@id":"https:\/\/wifi.se\/fr\/blog\/2020\/12\/07\/christmas-tv-in-the-motorhome\/#breadcrumb","itemListElement":[{"@type":"ListItem","position":1,"name":"Hem","item":"https:\/\/wifi.se\/fr\/"},{"@type":"ListItem","position":2,"name":"La t\u00e9l\u00e9vision de No\u00ebl dans le camping-car"}]},{"@type":"WebSite","@id":"https:\/\/wifi.se\/fr\/#website","url":"https:\/\/wifi.se\/fr\/","name":"WIFI.SE\/FR","description":"INTERNET PARTOUT","potentialAction":[{"@type":"SearchAction","target":{"@type":"EntryPoint","urlTemplate":"https:\/\/wifi.se\/fr\/?s={search_term_string}"},"query-input":{"@type":"PropertyValueSpecification","valueRequired":true,"valueName":"search_term_string"}}],"inLanguage":"fr-FR"},{"@type":"Person","@id":"https:\/\/wifi.se\/fr\/#\/schema\/person\/195cf8b50a64ee451002f5c6dec42a8d","name":"Wifi.se","url":"https:\/\/wifi.se\/fr\/blog\/author\/rhp7l\/"}]}},"_links":{"self":[{"href":"https:\/\/wifi.se\/fr\/wp-json\/wp\/v2\/posts\/11038","targetHints":{"allow":["GET"]}}],"collection":[{"href":"https:\/\/wifi.se\/fr\/wp-json\/wp\/v2\/posts"}],"about":[{"href":"https:\/\/wifi.se\/fr\/wp-json\/wp\/v2\/types\/post"}],"author":[{"embeddable":true,"href":"https:\/\/wifi.se\/fr\/wp-json\/wp\/v2\/users\/1"}],"replies":[{"embeddable":true,"href":"https:\/\/wifi.se\/fr\/wp-json\/wp\/v2\/comments?post=11038"}],"version-history":[{"count":3,"href":"https:\/\/wifi.se\/fr\/wp-json\/wp\/v2\/posts\/11038\/revisions"}],"predecessor-version":[{"id":32374,"href":"https:\/\/wifi.se\/fr\/wp-json\/wp\/v2\/posts\/11038\/revisions\/32374"}],"wp:featuredmedia":[{"embeddable":true,"href":"https:\/\/wifi.se\/fr\/wp-json\/wp\/v2\/media\/11044"}],"wp:attachment":[{"href":"https:\/\/wifi.se\/fr\/wp-json\/wp\/v2\/media?parent=11038"}],"wp:term":[{"taxonomy":"category","embeddable":true,"href":"https:\/\/wifi.se\/fr\/wp-json\/wp\/v2\/categories?post=11038"},{"taxonomy":"post_tag","embeddable":true,"href":"https:\/\/wifi.se\/fr\/wp-json\/wp\/v2\/tags?post=11038"}],"curies":[{"name":"wp","href":"https:\/\/api.w.org\/{rel}","templated":true}]}}