{"id":14754,"date":"2021-09-24T17:29:57","date_gmt":"2021-09-24T15:29:57","guid":{"rendered":"https:\/\/wifi.se\/?p=14754"},"modified":"2025-04-15T10:48:57","modified_gmt":"2025-04-15T08:48:57","slug":"the-motorhome-fair-in-dusseldorf","status":"publish","type":"post","link":"https:\/\/wifi.se\/es\/blog\/2021\/09\/24\/the-motorhome-fair-in-dusseldorf\/","title":{"rendered":"La feria de autocaravanas de D\u00fcsseldorf"},"content":{"rendered":"<p>Cada a\u00f1o, entre agosto y septiembre, llega el momento de presentar las autocaravanas en la Feria de Autocaravanas de D\u00fcsseldorf. En el Caravan Salon, la feria de autocaravanas m\u00e1s grande de Europa, se exhiben 2000 veh\u00edculos de ocio durante 10 d\u00edas. Aqu\u00ed, los visitantes pueden encontrar consejos sobre destinos, as\u00ed como numerosas innovaciones y accesorios. 590 expositores de 130 marcas diferentes presentan sus productos en una superficie de 195\u00a0000 metros cuadrados. Es una oportunidad para experimentar todo el mundo del camping y el caravaning. La selecci\u00f3n de veh\u00edculos de ocio y accesorios es \u00fanica y satisface todas las necesidades. Solo aqu\u00ed podr\u00e1 descubrir las \u00faltimas tendencias y los estrenos mundiales del sector.<\/p>\n<p>El Caravan Salon es un festival que atrae a numerosos visitantes cada a\u00f1o. El bullicio en los pabellones y las zonas exteriores recuerda a un festival de m\u00fasica. Sin embargo, debido a la pandemia, puede que este no sea el entorno m\u00e1s seguro frente a la COVID-19.<\/p>\n<p>La mayor\u00eda de las ferias de autocaravanas en Europa se cancelaron debido a la pandemia, pero no el Caravan Salon. Los organizadores de la feria desarrollaron un concepto para celebrar el evento de forma segura frente a la COVID-19.<\/p>\n<p>Los organizadores estaban decididos a celebrar la feria a pesar de que varias de las principales empresas decidieron no participar. Lo tomaron como un reto y crearon un concepto de protecci\u00f3n contra la COVID-19 llamado ProtAction, que inclu\u00eda medidas como mantener distancias de seguridad, limitar el n\u00famero de visitantes por d\u00eda y otras.<\/p>\n<p>Wifi.se visit\u00f3 la Feria de Autocaravanas de D\u00fcsseldorf para analizar el mercado y la gama de ofertas. Vimos autocaravanas incre\u00edbles, nuevos modelos y una gran cantidad de accesorios. Nos centramos principalmente en soluciones t\u00e9cnicas. Busc\u00e1bamos soluciones Wi-Fi para autocaravanas y otros accesorios que te ayuden a mantenerte conectado.<\/p>\n<p>Llegamos a la conclusi\u00f3n de que seguimos a la vanguardia. Ning\u00fan otro proveedor en Europa ofrece nuestro concepto con tarjetas SIM que funcionen en toda Europa (UE\/EEE) junto con paquetes de router. Muchos proveedores ofrecen routers, pero debes a\u00f1adir tu propia tarjeta SIM. Nuestras tarjetas SIM son \u00fanicas en Europa, ya que incluyen datos y todo funciona en roaming. Adem\u00e1s, puedes usar y gestionar tus datos libremente durante 12 meses.<\/p>\n<p>Tambi\u00e9n buscamos antenas de techo. Wifi.se ya hab\u00eda desarrollado la suya propia tras probar varios modelos y no estar satisfecho con su calidad. Aun as\u00ed, ninguna antena cumpl\u00eda con nuestros est\u00e1ndares.<\/p>\n<p>Al viajar mucho, especialmente en viajes largos con la autocaravana, es posible que la se\u00f1al m\u00f3vil sea d\u00e9bil. Es fundamental maximizar la recepci\u00f3n, y la soluci\u00f3n ideal es tener una antena de techo que capte la se\u00f1al incluso si es d\u00e9bil. Las antenas est\u00e1n expuestas a un estr\u00e9s considerable por el sol, la lluvia, la nieve, el hielo y el viento.<\/p>\n<p>La caracter\u00edstica esencial de la antena de techo que Wifi.se ha construido es que debe ser robusta, r\u00e1pida y capaz de gestionar todas las frecuencias, incluido el 5G. Esto significa que no ser\u00e1 necesario reemplazar la antena si se actualiza el router en el futuro. El resultado fue una antena MIMO omnidireccional que funciona en todas las bandas de frecuencia: 2G\/3G\/4G\/5G. Concluimos que nuestro producto sigue siendo l\u00edder en el mercado y fue dif\u00edcil encontrar un equivalente.<\/p>\n<p>En general, estamos satisfechos con nuestra visita a la Feria de Autocaravanas de D\u00fcsseldorf. \u00a1Lo recomendamos encarecidamente a todos los amantes de las autocaravanas! \ud83d\ude0a<\/p>\n","protected":false},"excerpt":{"rendered":"<p>Cada a\u00f1o, entre agosto y septiembre, llega el momento de presentar las autocaravanas en la Feria de Autocaravanas de D\u00fcsseldorf. En el Caravan Salon, la feria de autocaravanas m\u00e1s grande de Europa, se exhiben 2000 veh\u00edculos de ocio durante 10 d\u00edas. Aqu\u00ed, los visitantes pueden encontrar consejos sobre destinos, as\u00ed como numerosas innovaciones y accesorios. [&#8230;]\n","protected":false},"author":1,"featured_media":14755,"comment_status":"closed","ping_status":"closed","sticky":false,"template":"","format":"standard","meta":{"_acf_changed":false,"footnotes":""},"categories":[86],"tags":[88,132,205,217,90],"class_list":["post-14754","post","type-post","status-publish","format-standard","has-post-thumbnail","hentry","category-news","tag-internet","tag-mobile-broadband","tag-motorhome","tag-motorhome-in-europe","tag-wifi"],"acf":[],"yoast_head":"<!-- This site is optimized with the Yoast SEO plugin v27.1.1 - https:\/\/yoast.com\/product\/yoast-seo-wordpress\/ -->\n<title>The Motorhome Fair in D\u00fcsseldorf<\/title>\n<meta name=\"description\" content=\"Wifi.se participates in the Motorhome Fair in D\u00fcsseldorf. Wifi.se is at the forefront of technical solutions for your motorhome and strives to stay updated at all times.\" \/>\n<meta name=\"robots\" content=\"index, follow, max-snippet:-1, max-image-preview:large, max-video-preview:-1\" \/>\n<link rel=\"canonical\" href=\"https:\/\/wifi.se\/es\/blog\/2021\/09\/24\/the-motorhome-fair-in-dusseldorf\/\" \/>\n<meta property=\"og:locale\" content=\"es_ES\" \/>\n<meta property=\"og:type\" content=\"article\" \/>\n<meta property=\"og:title\" content=\"The Motorhome Fair in D\u00fcsseldorf\" \/>\n<meta property=\"og:description\" content=\"Wifi.se participates in the Motorhome Fair in D\u00fcsseldorf. Wifi.se is at the forefront of technical solutions for your motorhome and strives to stay updated at all times.\" \/>\n<meta property=\"og:url\" content=\"https:\/\/wifi.se\/es\/blog\/2021\/09\/24\/the-motorhome-fair-in-dusseldorf\/\" \/>\n<meta property=\"og:site_name\" content=\"WIFI.SE\/ES\" \/>\n<meta property=\"article:published_time\" content=\"2021-09-24T15:29:57+00:00\" \/>\n<meta property=\"article:modified_time\" content=\"2025-04-15T08:48:57+00:00\" \/>\n<meta property=\"og:image\" content=\"https:\/\/wifi.se\/es\/wp-content\/uploads\/sites\/5\/2021\/09\/caravan-salon-2021-002.jpeg\" \/>\n\t<meta property=\"og:image:width\" content=\"679\" \/>\n\t<meta property=\"og:image:height\" content=\"453\" \/>\n\t<meta property=\"og:image:type\" content=\"image\/jpeg\" \/>\n<meta name=\"author\" content=\"Wifi.se\" \/>\n<meta name=\"twitter:card\" content=\"summary_large_image\" \/>\n<meta name=\"twitter:label1\" content=\"Escrito por\" \/>\n\t<meta name=\"twitter:data1\" content=\"Wifi.se\" \/>\n\t<meta name=\"twitter:label2\" content=\"Tiempo de lectura\" \/>\n\t<meta name=\"twitter:data2\" content=\"3 minutos\" \/>\n<script type=\"application\/ld+json\" class=\"yoast-schema-graph\">{\"@context\":\"https:\/\/schema.org\",\"@graph\":[{\"@type\":\"Article\",\"@id\":\"https:\/\/wifi.se\/es\/blog\/2021\/09\/24\/the-motorhome-fair-in-dusseldorf\/#article\",\"isPartOf\":{\"@id\":\"https:\/\/wifi.se\/es\/blog\/2021\/09\/24\/the-motorhome-fair-in-dusseldorf\/\"},\"author\":{\"name\":\"Wifi.se\",\"@id\":\"https:\/\/wifi.se\/es\/#\/schema\/person\/195cf8b50a64ee451002f5c6dec42a8d\"},\"headline\":\"La feria de autocaravanas de D\u00fcsseldorf\",\"datePublished\":\"2021-09-24T15:29:57+00:00\",\"dateModified\":\"2025-04-15T08:48:57+00:00\",\"mainEntityOfPage\":{\"@id\":\"https:\/\/wifi.se\/es\/blog\/2021\/09\/24\/the-motorhome-fair-in-dusseldorf\/\"},\"wordCount\":611,\"image\":{\"@id\":\"https:\/\/wifi.se\/es\/blog\/2021\/09\/24\/the-motorhome-fair-in-dusseldorf\/#primaryimage\"},\"thumbnailUrl\":\"https:\/\/wifi.se\/es\/wp-content\/uploads\/sites\/5\/2021\/09\/caravan-salon-2021-002.jpeg\",\"keywords\":[\"Internet\",\"Mobile broadband\",\"Motorhome\",\"Motorhome in Europe\",\"Wifi\"],\"articleSection\":[\"Noticias\"],\"inLanguage\":\"es\"},{\"@type\":\"WebPage\",\"@id\":\"https:\/\/wifi.se\/es\/blog\/2021\/09\/24\/the-motorhome-fair-in-dusseldorf\/\",\"url\":\"https:\/\/wifi.se\/es\/blog\/2021\/09\/24\/the-motorhome-fair-in-dusseldorf\/\",\"name\":\"The Motorhome Fair in D\u00fcsseldorf\",\"isPartOf\":{\"@id\":\"https:\/\/wifi.se\/es\/#website\"},\"primaryImageOfPage\":{\"@id\":\"https:\/\/wifi.se\/es\/blog\/2021\/09\/24\/the-motorhome-fair-in-dusseldorf\/#primaryimage\"},\"image\":{\"@id\":\"https:\/\/wifi.se\/es\/blog\/2021\/09\/24\/the-motorhome-fair-in-dusseldorf\/#primaryimage\"},\"thumbnailUrl\":\"https:\/\/wifi.se\/es\/wp-content\/uploads\/sites\/5\/2021\/09\/caravan-salon-2021-002.jpeg\",\"datePublished\":\"2021-09-24T15:29:57+00:00\",\"dateModified\":\"2025-04-15T08:48:57+00:00\",\"author\":{\"@id\":\"https:\/\/wifi.se\/es\/#\/schema\/person\/195cf8b50a64ee451002f5c6dec42a8d\"},\"description\":\"Wifi.se participates in the Motorhome Fair in D\u00fcsseldorf. Wifi.se is at the forefront of technical solutions for your motorhome and strives to stay updated at all times.\",\"breadcrumb\":{\"@id\":\"https:\/\/wifi.se\/es\/blog\/2021\/09\/24\/the-motorhome-fair-in-dusseldorf\/#breadcrumb\"},\"inLanguage\":\"es\",\"potentialAction\":[{\"@type\":\"ReadAction\",\"target\":[\"https:\/\/wifi.se\/es\/blog\/2021\/09\/24\/the-motorhome-fair-in-dusseldorf\/\"]}]},{\"@type\":\"ImageObject\",\"inLanguage\":\"es\",\"@id\":\"https:\/\/wifi.se\/es\/blog\/2021\/09\/24\/the-motorhome-fair-in-dusseldorf\/#primaryimage\",\"url\":\"https:\/\/wifi.se\/es\/wp-content\/uploads\/sites\/5\/2021\/09\/caravan-salon-2021-002.jpeg\",\"contentUrl\":\"https:\/\/wifi.se\/es\/wp-content\/uploads\/sites\/5\/2021\/09\/caravan-salon-2021-002.jpeg\",\"width\":679,\"height\":453},{\"@type\":\"BreadcrumbList\",\"@id\":\"https:\/\/wifi.se\/es\/blog\/2021\/09\/24\/the-motorhome-fair-in-dusseldorf\/#breadcrumb\",\"itemListElement\":[{\"@type\":\"ListItem\",\"position\":1,\"name\":\"Hem\",\"item\":\"https:\/\/wifi.se\/es\/\"},{\"@type\":\"ListItem\",\"position\":2,\"name\":\"La feria de autocaravanas de D\u00fcsseldorf\"}]},{\"@type\":\"WebSite\",\"@id\":\"https:\/\/wifi.se\/es\/#website\",\"url\":\"https:\/\/wifi.se\/es\/\",\"name\":\"WIFI.SE\/ES\",\"description\":\"INTERNET EN TODAS PARTES\",\"potentialAction\":[{\"@type\":\"SearchAction\",\"target\":{\"@type\":\"EntryPoint\",\"urlTemplate\":\"https:\/\/wifi.se\/es\/?s={search_term_string}\"},\"query-input\":{\"@type\":\"PropertyValueSpecification\",\"valueRequired\":true,\"valueName\":\"search_term_string\"}}],\"inLanguage\":\"es\"},{\"@type\":\"Person\",\"@id\":\"https:\/\/wifi.se\/es\/#\/schema\/person\/195cf8b50a64ee451002f5c6dec42a8d\",\"name\":\"Wifi.se\",\"url\":\"https:\/\/wifi.se\/es\/blog\/author\/rhp7l\/\"}]}<\/script>\n<!-- \/ Yoast SEO plugin. -->","yoast_head_json":{"title":"The Motorhome Fair in D\u00fcsseldorf","description":"Wifi.se participates in the Motorhome Fair in D\u00fcsseldorf. Wifi.se is at the forefront of technical solutions for your motorhome and strives to stay updated at all times.","robots":{"index":"index","follow":"follow","max-snippet":"max-snippet:-1","max-image-preview":"max-image-preview:large","max-video-preview":"max-video-preview:-1"},"canonical":"https:\/\/wifi.se\/es\/blog\/2021\/09\/24\/the-motorhome-fair-in-dusseldorf\/","og_locale":"es_ES","og_type":"article","og_title":"The Motorhome Fair in D\u00fcsseldorf","og_description":"Wifi.se participates in the Motorhome Fair in D\u00fcsseldorf. Wifi.se is at the forefront of technical solutions for your motorhome and strives to stay updated at all times.","og_url":"https:\/\/wifi.se\/es\/blog\/2021\/09\/24\/the-motorhome-fair-in-dusseldorf\/","og_site_name":"WIFI.SE\/ES","article_published_time":"2021-09-24T15:29:57+00:00","article_modified_time":"2025-04-15T08:48:57+00:00","og_image":[{"width":679,"height":453,"url":"https:\/\/wifi.se\/es\/wp-content\/uploads\/sites\/5\/2021\/09\/caravan-salon-2021-002.jpeg","type":"image\/jpeg"}],"author":"Wifi.se","twitter_card":"summary_large_image","twitter_misc":{"Escrito por":"Wifi.se","Tiempo de lectura":"3 minutos"},"schema":{"@context":"https:\/\/schema.org","@graph":[{"@type":"Article","@id":"https:\/\/wifi.se\/es\/blog\/2021\/09\/24\/the-motorhome-fair-in-dusseldorf\/#article","isPartOf":{"@id":"https:\/\/wifi.se\/es\/blog\/2021\/09\/24\/the-motorhome-fair-in-dusseldorf\/"},"author":{"name":"Wifi.se","@id":"https:\/\/wifi.se\/es\/#\/schema\/person\/195cf8b50a64ee451002f5c6dec42a8d"},"headline":"La feria de autocaravanas de D\u00fcsseldorf","datePublished":"2021-09-24T15:29:57+00:00","dateModified":"2025-04-15T08:48:57+00:00","mainEntityOfPage":{"@id":"https:\/\/wifi.se\/es\/blog\/2021\/09\/24\/the-motorhome-fair-in-dusseldorf\/"},"wordCount":611,"image":{"@id":"https:\/\/wifi.se\/es\/blog\/2021\/09\/24\/the-motorhome-fair-in-dusseldorf\/#primaryimage"},"thumbnailUrl":"https:\/\/wifi.se\/es\/wp-content\/uploads\/sites\/5\/2021\/09\/caravan-salon-2021-002.jpeg","keywords":["Internet","Mobile broadband","Motorhome","Motorhome in Europe","Wifi"],"articleSection":["Noticias"],"inLanguage":"es"},{"@type":"WebPage","@id":"https:\/\/wifi.se\/es\/blog\/2021\/09\/24\/the-motorhome-fair-in-dusseldorf\/","url":"https:\/\/wifi.se\/es\/blog\/2021\/09\/24\/the-motorhome-fair-in-dusseldorf\/","name":"The Motorhome Fair in D\u00fcsseldorf","isPartOf":{"@id":"https:\/\/wifi.se\/es\/#website"},"primaryImageOfPage":{"@id":"https:\/\/wifi.se\/es\/blog\/2021\/09\/24\/the-motorhome-fair-in-dusseldorf\/#primaryimage"},"image":{"@id":"https:\/\/wifi.se\/es\/blog\/2021\/09\/24\/the-motorhome-fair-in-dusseldorf\/#primaryimage"},"thumbnailUrl":"https:\/\/wifi.se\/es\/wp-content\/uploads\/sites\/5\/2021\/09\/caravan-salon-2021-002.jpeg","datePublished":"2021-09-24T15:29:57+00:00","dateModified":"2025-04-15T08:48:57+00:00","author":{"@id":"https:\/\/wifi.se\/es\/#\/schema\/person\/195cf8b50a64ee451002f5c6dec42a8d"},"description":"Wifi.se participates in the Motorhome Fair in D\u00fcsseldorf. Wifi.se is at the forefront of technical solutions for your motorhome and strives to stay updated at all times.","breadcrumb":{"@id":"https:\/\/wifi.se\/es\/blog\/2021\/09\/24\/the-motorhome-fair-in-dusseldorf\/#breadcrumb"},"inLanguage":"es","potentialAction":[{"@type":"ReadAction","target":["https:\/\/wifi.se\/es\/blog\/2021\/09\/24\/the-motorhome-fair-in-dusseldorf\/"]}]},{"@type":"ImageObject","inLanguage":"es","@id":"https:\/\/wifi.se\/es\/blog\/2021\/09\/24\/the-motorhome-fair-in-dusseldorf\/#primaryimage","url":"https:\/\/wifi.se\/es\/wp-content\/uploads\/sites\/5\/2021\/09\/caravan-salon-2021-002.jpeg","contentUrl":"https:\/\/wifi.se\/es\/wp-content\/uploads\/sites\/5\/2021\/09\/caravan-salon-2021-002.jpeg","width":679,"height":453},{"@type":"BreadcrumbList","@id":"https:\/\/wifi.se\/es\/blog\/2021\/09\/24\/the-motorhome-fair-in-dusseldorf\/#breadcrumb","itemListElement":[{"@type":"ListItem","position":1,"name":"Hem","item":"https:\/\/wifi.se\/es\/"},{"@type":"ListItem","position":2,"name":"La feria de autocaravanas de D\u00fcsseldorf"}]},{"@type":"WebSite","@id":"https:\/\/wifi.se\/es\/#website","url":"https:\/\/wifi.se\/es\/","name":"WIFI.SE\/ES","description":"INTERNET EN TODAS PARTES","potentialAction":[{"@type":"SearchAction","target":{"@type":"EntryPoint","urlTemplate":"https:\/\/wifi.se\/es\/?s={search_term_string}"},"query-input":{"@type":"PropertyValueSpecification","valueRequired":true,"valueName":"search_term_string"}}],"inLanguage":"es"},{"@type":"Person","@id":"https:\/\/wifi.se\/es\/#\/schema\/person\/195cf8b50a64ee451002f5c6dec42a8d","name":"Wifi.se","url":"https:\/\/wifi.se\/es\/blog\/author\/rhp7l\/"}]}},"_links":{"self":[{"href":"https:\/\/wifi.se\/es\/wp-json\/wp\/v2\/posts\/14754","targetHints":{"allow":["GET"]}}],"collection":[{"href":"https:\/\/wifi.se\/es\/wp-json\/wp\/v2\/posts"}],"about":[{"href":"https:\/\/wifi.se\/es\/wp-json\/wp\/v2\/types\/post"}],"author":[{"embeddable":true,"href":"https:\/\/wifi.se\/es\/wp-json\/wp\/v2\/users\/1"}],"replies":[{"embeddable":true,"href":"https:\/\/wifi.se\/es\/wp-json\/wp\/v2\/comments?post=14754"}],"version-history":[{"count":3,"href":"https:\/\/wifi.se\/es\/wp-json\/wp\/v2\/posts\/14754\/revisions"}],"predecessor-version":[{"id":32615,"href":"https:\/\/wifi.se\/es\/wp-json\/wp\/v2\/posts\/14754\/revisions\/32615"}],"wp:featuredmedia":[{"embeddable":true,"href":"https:\/\/wifi.se\/es\/wp-json\/wp\/v2\/media\/14755"}],"wp:attachment":[{"href":"https:\/\/wifi.se\/es\/wp-json\/wp\/v2\/media?parent=14754"}],"wp:term":[{"taxonomy":"category","embeddable":true,"href":"https:\/\/wifi.se\/es\/wp-json\/wp\/v2\/categories?post=14754"},{"taxonomy":"post_tag","embeddable":true,"href":"https:\/\/wifi.se\/es\/wp-json\/wp\/v2\/tags?post=14754"}],"curies":[{"name":"wp","href":"https:\/\/api.w.org\/{rel}","templated":true}]}}